{"id":414,"date":"2026-08-29T09:00:00","date_gmt":"2026-08-29T12:00:00","guid":{"rendered":"https:\/\/amplinews.com.br\/?p=414"},"modified":"2026-08-29T09:00:00","modified_gmt":"2026-08-29T12:00:00","slug":"brasil-tem-fim-de-semana-de-extremos-com-onda-de-calor-e-tempestades","status":"publish","type":"post","link":"https:\/\/orconpress.com.br\/?p=414","title":{"rendered":"Brasil tem fim de semana de extremos com onda de calor e tempestades"},"content":{"rendered":"<p>29\/08\/2026<\/p>\n<p>O \u00faltimo fim de semana do m\u00eas, nos dias 29 e 30 de agosto de 2026, apresenta um cen\u00e1rio meteorol\u00f3gico de fortes contrastes por todo o territ\u00f3rio nacional. Enquanto a maior parte das regi\u00f5es brasileiras enfrenta uma intensa onda de calor acompanhada de baixos \u00edndices de umidade do ar, os estados do Sul do pa\u00eds permanecem em estado de alerta m\u00e1ximo devido \u00e0 atua\u00e7\u00e3o de um sistema frontal que provoca chuvas volumosas, ventanias e queda de granizo.<\/p>\n<p>No Centro-Oeste e no norte da Regi\u00e3o Norte, o ar quente e seco domina o tempo, mantendo as temperaturas em patamares cr\u00edticos para a \u00e9poca do ano. Capitais como Cuiab\u00e1 e Porto Velho devem registrar picos t\u00e9rmicos de at\u00e9 41\u00ba durante as tardes de s\u00e1bado e domingo. O cen\u00e1rio traz grande preocupa\u00e7\u00e3o quanto \u00e0 qualidade do ar, que atinge n\u00edveis baixos de umidade em \u00e1reas do interior e da faixa agr\u00edcola do Matopiba, elevando drasticamente os riscos de queimadas na vegeta\u00e7\u00e3o.<\/p>\n<p>Na Regi\u00e3o Sudeste, o ar quente ganha ainda mais for\u00e7a durante o fim de semana. Na capital paulista, a m\u00e1xima prevista oscila entre 33\u00ba e 34\u00ba, marca hist\u00f3rica para o final de agosto. No Rio de Janeiro, os term\u00f4metros ultrapassam os 34\u00ba sob a presen\u00e7a de sol forte, com calor de at\u00e9 36\u00ba no interior do estado e no Litoral Norte paulista. O padr\u00e3o de estabilidade mant\u00e9m as noites quentes e secas, sem indicativo de chuva para grande parte do territ\u00f3rio fluminense, mineiro e paulista.<\/p>\n<p>Em contrapartida, a situa\u00e7\u00e3o na Regi\u00e3o Sul inspira extremo cuidado. A colis\u00e3o entre a corrente de vento quente e \u00famido vinda do Norte com uma frente fria semi-estacion\u00e1ria cria um forte contraste t\u00e9rmico na regi\u00e3o. Santa Catarina e Rio Grande do Sul registram instabilidades cont\u00ednuas com acumulados expressivos que podem ultrapassar os 200 mil\u00edmetros at\u00e9 a segunda-feira. Al\u00e9m dos volumes altos, h\u00e1 risco iminente de tempestades severas acompanhadas por granizo e rajadas de vento acima de 70 km\/h. Com o tempo fechado e chuvoso, as temperaturas caem acentuadamente na por\u00e7\u00e3o sul do pa\u00eds: Porto Alegre n\u00e3o deve passar dos 18\u00ba de m\u00e1xima no s\u00e1bado, enquanto Florian\u00f3polis marca em torno de 21\u00ba.<\/p>\n","protected":false},"excerpt":{"rendered":"<p>29\/08\/2026 O \u00faltimo fim de semana do m\u00eas, nos dias 29 e 30 de agosto de 2026, apresenta um cen\u00e1rio meteorol\u00f3gico de fortes contrastes por todo o territ\u00f3rio nacional. Enquanto a maior parte das regi\u00f5es brasileiras enfrenta uma intensa onda de calor acompanhada de baixos \u00edndices de umidade do ar, os estados do Sul do [&hellip;]<\/p>\n","protected":false},"author":1,"featured_media":0,"comment_status":"closed","ping_status":"open","sticky":false,"template":"","format":"standard","meta":{"footnotes":""},"categories":[1],"tags":[],"class_list":["post-414","post","type-post","status-publish","format-standard","hentry","category-orcon"],"_links":{"self":[{"href":"https:\/\/orconpress.com.br\/index.php?rest_route=\/wp\/v2\/posts\/414","targetHints":{"allow":["GET"]}}],"collection":[{"href":"https:\/\/orconpress.com.br\/index.php?rest_route=\/wp\/v2\/posts"}],"about":[{"href":"https:\/\/orconpress.com.br\/index.php?rest_route=\/wp\/v2\/types\/post"}],"author":[{"embeddable":true,"href":"https:\/\/orconpress.com.br\/index.php?rest_route=\/wp\/v2\/users\/1"}],"replies":[{"embeddable":true,"href":"https:\/\/orconpress.com.br\/index.php?rest_route=%2Fwp%2Fv2%2Fcomments&post=414"}],"version-history":[{"count":0,"href":"https:\/\/orconpress.com.br\/index.php?rest_route=\/wp\/v2\/posts\/414\/revisions"}],"wp:attachment":[{"href":"https:\/\/orconpress.com.br\/index.php?rest_route=%2Fwp%2Fv2%2Fmedia&parent=414"}],"wp:term":[{"taxonomy":"category","embeddable":true,"href":"https:\/\/orconpress.com.br\/index.php?rest_route=%2Fwp%2Fv2%2Fcategories&post=414"},{"taxonomy":"post_tag","embeddable":true,"href":"https:\/\/orconpress.com.br\/index.php?rest_route=%2Fwp%2Fv2%2Ftags&post=414"}],"curies":[{"name":"wp","href":"https:\/\/api.w.org\/{rel}","templated":true}]}}