{"id":406,"date":"2026-08-28T08:45:49","date_gmt":"2026-08-28T11:45:49","guid":{"rendered":"https:\/\/amplinews.com.br\/?p=406"},"modified":"2026-08-28T08:45:49","modified_gmt":"2026-08-28T11:45:49","slug":"eleicoes-2026-crescimento-digital-do-candidato-augusto-cury-agita-o-cenario-politico-e-mira-sabatina-da-tv-globo","status":"publish","type":"post","link":"https:\/\/orconpress.com.br\/?p=406","title":{"rendered":"Elei\u00e7\u00f5es 2026: Crescimento digital do candidato Augusto Cury agita o cen\u00e1rio pol\u00edtico e mira sabatina da TV Globo"},"content":{"rendered":"<p>Por Guilherme Kalel<\/p>\n<p>28\/08\/2026<\/p>\n<p>Uma grande onda de conte\u00fados curtos e cortes de v\u00eddeos do m\u00e9dico psiquiatra e escritor Augusto Cury inundou as redes sociais. O candidato \u00e0 Presid\u00eancia da Rep\u00fablica pelo partido Avante registrou um salto expressivo no ambiente digital, acumulando milh\u00f5es de novos seguidores em plataformas como o Instagram logo ap\u00f3s as recentes movimenta\u00e7\u00f5es de campanha e sua participa\u00e7\u00e3o em debates.<\/p>\n<p>O fen\u00f4meno chamou a aten\u00e7\u00e3o do eleitorado e tamb\u00e9m despertou o monitoramento atento de equipes advers\u00e1rias. Enquanto opositores acompanham de perto a evolu\u00e7\u00e3o para entender a origem do alcance repentino, a coordena\u00e7\u00e3o de campanha do Avante sustenta que a explos\u00e3o de m\u00e9tricas e engajamento ocorre de maneira estritamente org\u00e2nica. A equipe recha\u00e7a qualquer hip\u00f3tese de interfer\u00eancia de nomes externos como Pablo Mar\u00e7al ou o uso de automa\u00e7\u00f5es irregulares, atribuindo o sucesso \u00e0 for\u00e7a do nome de Cury como autor de best-sellers e \u00e0 ativa\u00e7\u00e3o natural de sua ampla base de leitores no pa\u00eds.<\/p>\n<p>Com a alta nas pesquisas de busca em plataformas da internet e a vertiginosa ascens\u00e3o nas redes, os estrategistas da campanha enxergam a sabatina da TV Globo como o pr\u00f3ximo grande divisor de \u00e1guas. A expectativa \u00e9 usar a visibilidade em canal aberto para impulsionar uma nova onda de crescimento e consolidar o candidato na corrida presidencial.<\/p>\n<p>Cury deve ser sabatinado pelo Jornal Nacional da TV Globo na noite deste s\u00e1bado, 29 de agosto.<br \/>\n\u00c9 essa a estrat\u00e9gia que a campanha deve apostar para seu crescimento, hoje o candidato pontua com 2% de inten\u00e7\u00f5es de votos segundo pesquisas eleitorais.<br \/>\nMas na \u00faltima semana os seus seguidores cresceram de 8 para 10 milh\u00f5es s\u00f3 no Instagram, ap\u00f3s sua apari\u00e7\u00e3o no debate da Band, no \u00faltimo dia 23.<\/p>\n<p>Moderado, Cury se apresenta como um pol\u00edtico novo, educado, e que entrou no cen\u00e1rio para fazer diferente o que outros pol\u00edticos fizeram igual.<br \/>\n\u00c9 nesse mote que sua campanha aposta para crescer e virar votos, inclusive tirando votos de Fl\u00e1vio Bolsonaro.<\/p>\n<p>Apesar desse crescimento repentino por\u00e9m, \u00e9 preciso uma aten\u00e7\u00e3o especial.<br \/>\nApenas mens\u00f5es nas redes n\u00e3o garantem votos e a campanha sabe disso.<br \/>\nEspecialistas em an\u00e1lises pol\u00edticas ouvidos pela Reportagem apontam que Cury \u00e9 um nome que tem potencial para crescer, mas n\u00e3o para desbancar os favoritos da elei\u00e7\u00e3o como espera sua equipe.<\/p>\n","protected":false},"excerpt":{"rendered":"<p>Por Guilherme Kalel 28\/08\/2026 Uma grande onda de conte\u00fados curtos e cortes de v\u00eddeos do m\u00e9dico psiquiatra e escritor Augusto Cury inundou as redes sociais. O candidato \u00e0 Presid\u00eancia da Rep\u00fablica pelo partido Avante registrou um salto expressivo no ambiente digital, acumulando milh\u00f5es de novos seguidores em plataformas como o Instagram logo ap\u00f3s as recentes [&hellip;]<\/p>\n","protected":false},"author":1,"featured_media":0,"comment_status":"closed","ping_status":"open","sticky":false,"template":"","format":"standard","meta":{"footnotes":""},"categories":[1],"tags":[],"class_list":["post-406","post","type-post","status-publish","format-standard","hentry","category-orcon"],"_links":{"self":[{"href":"https:\/\/orconpress.com.br\/index.php?rest_route=\/wp\/v2\/posts\/406","targetHints":{"allow":["GET"]}}],"collection":[{"href":"https:\/\/orconpress.com.br\/index.php?rest_route=\/wp\/v2\/posts"}],"about":[{"href":"https:\/\/orconpress.com.br\/index.php?rest_route=\/wp\/v2\/types\/post"}],"author":[{"embeddable":true,"href":"https:\/\/orconpress.com.br\/index.php?rest_route=\/wp\/v2\/users\/1"}],"replies":[{"embeddable":true,"href":"https:\/\/orconpress.com.br\/index.php?rest_route=%2Fwp%2Fv2%2Fcomments&post=406"}],"version-history":[{"count":0,"href":"https:\/\/orconpress.com.br\/index.php?rest_route=\/wp\/v2\/posts\/406\/revisions"}],"wp:attachment":[{"href":"https:\/\/orconpress.com.br\/index.php?rest_route=%2Fwp%2Fv2%2Fmedia&parent=406"}],"wp:term":[{"taxonomy":"category","embeddable":true,"href":"https:\/\/orconpress.com.br\/index.php?rest_route=%2Fwp%2Fv2%2Fcategories&post=406"},{"taxonomy":"post_tag","embeddable":true,"href":"https:\/\/orconpress.com.br\/index.php?rest_route=%2Fwp%2Fv2%2Ftags&post=406"}],"curies":[{"name":"wp","href":"https:\/\/api.w.org\/{rel}","templated":true}]}}