{"id":402,"date":"2026-08-28T06:05:18","date_gmt":"2026-08-28T09:05:18","guid":{"rendered":"https:\/\/amplinews.com.br\/?p=402"},"modified":"2026-08-28T06:05:18","modified_gmt":"2026-08-28T09:05:18","slug":"taxa-de-desemprego-recua-para-53-no-trimestre-encerrado-em-julho-e-registra-novo-recorde-de-ocupacao-no-pais","status":"publish","type":"post","link":"https:\/\/orconpress.com.br\/?p=402","title":{"rendered":"Taxa de desemprego recua para 5,3% no trimestre encerrado em julho e registra novo recorde de ocupa\u00e7\u00e3o no pa\u00eds"},"content":{"rendered":"<p>28\/08\/2026<\/p>\n<p>A taxa de desocupa\u00e7\u00e3o no Brasil apresentou uma nova queda e fechou em 5,3% no trimestre m\u00f3vel encerrado em julho de 2026. O resultado representa uma redu\u00e7\u00e3o de 0,5 ponto percentual em rela\u00e7\u00e3o ao trimestre encerrado em abril (5,8%) e um recuo de 0,3 ponto percentual em compara\u00e7\u00e3o com o mesmo per\u00edodo do ano anterior (5,6%). Os dados fazem parte da Pesquisa Nacional por Amostra de Domic\u00edlios Cont\u00ednua (Pnad Cont\u00ednua), divulgada pelo Instituto Brasileiro de Geografia e Estat\u00edstica (IBGE).<\/p>\n<p>O \u00edndice de 5,3% \u00e9 o menor j\u00e1 registrado para o trimestre encerrado em julho desde o in\u00edcio da s\u00e9rie hist\u00f3rica da Pnad Cont\u00ednua, iniciada em 2012. Com essa retrata\u00e7\u00e3o, a popula\u00e7\u00e3o desocupada caiu para 5,8 milh\u00f5es de pessoas, o que equivale a um recuo de 8% (menos 503 mil pessoas) na compara\u00e7\u00e3o com o trimestre de fevereiro a abril, e uma queda de 4,9% (menos 299 mil pessoas) ante o mesmo trimestre de 2025.<\/p>\n<p>Al\u00e9m da queda do desemprego, o pa\u00eds alcan\u00e7ou marcas hist\u00f3ricas na ocupa\u00e7\u00e3o do mercado de trabalho. A popula\u00e7\u00e3o ocupada atingiu 103,3 milh\u00f5es de pessoas, o maior contingente da s\u00e9rie hist\u00f3rica. O segmento de empregados com carteira de trabalho assinada no setor privado tamb\u00e9m bateu recorde, somando 39,4 milh\u00f5es de trabalhadores.<\/p>\n<p>Outro ponto destacado pela pesquisa foi a redu\u00e7\u00e3o do contingente de pessoas desalentadas, ou seja, aquelas que desistiram de procurar emprego devido \u00e0s dificuldades do mercado. A popula\u00e7\u00e3o desalentada caiu para 2,3 milh\u00f5es, apresentando uma redu\u00e7\u00e3o de 14,1% em rela\u00e7\u00e3o ao trimestre anterior, o que representa cerca de 380 mil pessoas a menos nessa situa\u00e7\u00e3o.<\/p>\n<p>No \u00e2mbito dos rendimentos, o valor m\u00e9dio habitual do trabalhador ficou em R$ 3.762 no trimestre encerrado em julho. O n\u00famero indica estabilidade frente ao trimestre terminado em abril (R$ 3.786) e um avan\u00e7o de 3,3% quando comparado ao mesmo per\u00edodo do ano passado (R$ 3.643). Por sua vez, a taxa de informalidade atingiu 37,5% da popula\u00e7\u00e3o ocupada, englobando 13,7 milh\u00f5es de trabalhadores sem carteira assinada no setor privado.<\/p>\n","protected":false},"excerpt":{"rendered":"<p>28\/08\/2026 A taxa de desocupa\u00e7\u00e3o no Brasil apresentou uma nova queda e fechou em 5,3% no trimestre m\u00f3vel encerrado em julho de 2026. O resultado representa uma redu\u00e7\u00e3o de 0,5 ponto percentual em rela\u00e7\u00e3o ao trimestre encerrado em abril (5,8%) e um recuo de 0,3 ponto percentual em compara\u00e7\u00e3o com o mesmo per\u00edodo do ano [&hellip;]<\/p>\n","protected":false},"author":1,"featured_media":0,"comment_status":"closed","ping_status":"open","sticky":false,"template":"","format":"standard","meta":{"footnotes":""},"categories":[1],"tags":[],"class_list":["post-402","post","type-post","status-publish","format-standard","hentry","category-orcon"],"_links":{"self":[{"href":"https:\/\/orconpress.com.br\/index.php?rest_route=\/wp\/v2\/posts\/402","targetHints":{"allow":["GET"]}}],"collection":[{"href":"https:\/\/orconpress.com.br\/index.php?rest_route=\/wp\/v2\/posts"}],"about":[{"href":"https:\/\/orconpress.com.br\/index.php?rest_route=\/wp\/v2\/types\/post"}],"author":[{"embeddable":true,"href":"https:\/\/orconpress.com.br\/index.php?rest_route=\/wp\/v2\/users\/1"}],"replies":[{"embeddable":true,"href":"https:\/\/orconpress.com.br\/index.php?rest_route=%2Fwp%2Fv2%2Fcomments&post=402"}],"version-history":[{"count":0,"href":"https:\/\/orconpress.com.br\/index.php?rest_route=\/wp\/v2\/posts\/402\/revisions"}],"wp:attachment":[{"href":"https:\/\/orconpress.com.br\/index.php?rest_route=%2Fwp%2Fv2%2Fmedia&parent=402"}],"wp:term":[{"taxonomy":"category","embeddable":true,"href":"https:\/\/orconpress.com.br\/index.php?rest_route=%2Fwp%2Fv2%2Fcategories&post=402"},{"taxonomy":"post_tag","embeddable":true,"href":"https:\/\/orconpress.com.br\/index.php?rest_route=%2Fwp%2Fv2%2Ftags&post=402"}],"curies":[{"name":"wp","href":"https:\/\/api.w.org\/{rel}","templated":true}]}}