{"id":398,"date":"2026-08-27T08:02:11","date_gmt":"2026-08-27T11:02:11","guid":{"rendered":"https:\/\/amplinews.com.br\/?p=398"},"modified":"2026-08-27T08:02:11","modified_gmt":"2026-08-27T11:02:11","slug":"previa-da-inflacao-registra-queda-de-040-em-agosto-impulsionada-por-energia-e-alimentos","status":"publish","type":"post","link":"https:\/\/orconpress.com.br\/?p=398","title":{"rendered":"Pr\u00e9via da Infla\u00e7\u00e3o Registra Queda de 0,40% em Agosto Impulsionada por Energia e Alimentos"},"content":{"rendered":"<p>Por Sofia Garcia<\/p>\n<p>27\/08\/2026<\/p>\n<p>A pr\u00e9via da infla\u00e7\u00e3o oficial do pa\u00eds, medida pelo \u00cdndice Nacional de Pre\u00e7os ao Consumidor Amplo 15 (IPCA-15), registrou uma defla\u00e7\u00e3o de 0,40% no m\u00eas de agosto. Os dados foram divulgados pelo Instituto Brasileiro de Geografia e Estat\u00edstica (IBGE) e mostram um recuo significativo em rela\u00e7\u00e3o ao m\u00eas anterior, quando o \u00edndice havia apresentado uma alta de 0,06%. Com o resultado atual, a taxa em 12 meses acumulou 4,24%.<\/p>\n<p>O grande destaque para a redu\u00e7\u00e3o nos pre\u00e7os veio do grupo de Habita\u00e7\u00e3o, influenciado diretamente pela tarifa de energia el\u00e9trica residencial, que recuou 6,25%. Esse al\u00edvio na conta de luz dos consumidores foi gerado pela aplica\u00e7\u00e3o do B\u00f4nus de Itaipu, desconto concedido nas faturas emitidas ao longo do m\u00eas.<\/p>\n<p>Al\u00e9m da energia el\u00e9trica, o setor de Alimenta\u00e7\u00e3o e Bebidas tamb\u00e9m desempenhou papel fundamental no resultado negativo do indicador, apresentando recuo de 0,57%. A alimenta\u00e7\u00e3o no domic\u00edlio ficou quase 1% mais barata, impulsionada pelas fortes quedas nos pre\u00e7os de produtos b\u00e1sicos na mesa dos brasileiros, tais como tomate, batata-inglesa, cenoura e caf\u00e9 mo\u00eddo.<\/p>\n<p>O grupo de Transportes tamb\u00e9m contribuiu para a defla\u00e7\u00e3o do m\u00eas ao recuar 1,00%. O movimento foi puxado tanto pela retra\u00e7\u00e3o nos pre\u00e7os das passagens a\u00e9reas quanto pela redu\u00e7\u00e3o no valor dos combust\u00edveis, com destaques para as baixas registradas no etanol, na gasolina e no \u00f3leo diesel.<\/p>\n<p>Ao todo, cinco dos nove grupos analisados pelo IBGE registraram varia\u00e7\u00e3o negativa. A metodologia utilizada no IPCA-15 \u00e9 id\u00eantica \u00e0 do IPCA tradicional, variando apenas no per\u00edodo de coleta das informa\u00e7\u00f5es de pre\u00e7os e na quantidade de regi\u00f5es metropolitanas abrangidas pela pesquisa.<\/p>\n","protected":false},"excerpt":{"rendered":"<p>Por Sofia Garcia 27\/08\/2026 A pr\u00e9via da infla\u00e7\u00e3o oficial do pa\u00eds, medida pelo \u00cdndice Nacional de Pre\u00e7os ao Consumidor Amplo 15 (IPCA-15), registrou uma defla\u00e7\u00e3o de 0,40% no m\u00eas de agosto. Os dados foram divulgados pelo Instituto Brasileiro de Geografia e Estat\u00edstica (IBGE) e mostram um recuo significativo em rela\u00e7\u00e3o ao m\u00eas anterior, quando o [&hellip;]<\/p>\n","protected":false},"author":1,"featured_media":0,"comment_status":"closed","ping_status":"open","sticky":false,"template":"","format":"standard","meta":{"footnotes":""},"categories":[1],"tags":[],"class_list":["post-398","post","type-post","status-publish","format-standard","hentry","category-orcon"],"_links":{"self":[{"href":"https:\/\/orconpress.com.br\/index.php?rest_route=\/wp\/v2\/posts\/398","targetHints":{"allow":["GET"]}}],"collection":[{"href":"https:\/\/orconpress.com.br\/index.php?rest_route=\/wp\/v2\/posts"}],"about":[{"href":"https:\/\/orconpress.com.br\/index.php?rest_route=\/wp\/v2\/types\/post"}],"author":[{"embeddable":true,"href":"https:\/\/orconpress.com.br\/index.php?rest_route=\/wp\/v2\/users\/1"}],"replies":[{"embeddable":true,"href":"https:\/\/orconpress.com.br\/index.php?rest_route=%2Fwp%2Fv2%2Fcomments&post=398"}],"version-history":[{"count":0,"href":"https:\/\/orconpress.com.br\/index.php?rest_route=\/wp\/v2\/posts\/398\/revisions"}],"wp:attachment":[{"href":"https:\/\/orconpress.com.br\/index.php?rest_route=%2Fwp%2Fv2%2Fmedia&parent=398"}],"wp:term":[{"taxonomy":"category","embeddable":true,"href":"https:\/\/orconpress.com.br\/index.php?rest_route=%2Fwp%2Fv2%2Fcategories&post=398"},{"taxonomy":"post_tag","embeddable":true,"href":"https:\/\/orconpress.com.br\/index.php?rest_route=%2Fwp%2Fv2%2Ftags&post=398"}],"curies":[{"name":"wp","href":"https:\/\/api.w.org\/{rel}","templated":true}]}}