{"id":396,"date":"2026-08-27T08:55:00","date_gmt":"2026-08-27T11:55:00","guid":{"rendered":"https:\/\/amplinews.com.br\/?p=396"},"modified":"2026-08-27T08:55:00","modified_gmt":"2026-08-27T11:55:00","slug":"a-falsa-inclusao-quando-as-politicas-publicas-escolhem-quem-incluir","status":"publish","type":"post","link":"https:\/\/orconpress.com.br\/?p=396","title":{"rendered":"A Falsa Inclus\u00e3o: Quando as Pol\u00edticas P\u00fablicas Escolhem Quem Incluir"},"content":{"rendered":"<p>Por Guilherme Kalel: Jornalista e Editor<\/p>\n<p>27\/08\/2026<\/p>\n<p>A discuss\u00e3o sobre a inclus\u00e3o de pessoas com defici\u00eancia na sociedade \u00e9 urgente e necess\u00e1ria. \u00c9 indiscut\u00edvel que todas as pessoas que vivem com algum tipo de limita\u00e7\u00e3o f\u00edsica, sensorial ou intelectual enfrentam barreiras di\u00e1rias e precisam de pol\u00edticas p\u00fablicas eficientes, que n\u00e3o apenas promovam a conscientiza\u00e7\u00e3o da popula\u00e7\u00e3o, mas que garantam acessibilidade real. No entanto, o modo como esse direito vem sendo trabalhado pelo poder p\u00fablico revela um problema crescente: o direcionamento seletivo da aten\u00e7\u00e3o governamental.<\/p>\n<p>Em diversas esferas, percebe-se que prefeituras e governos entenderam a import\u00e2ncia de agir, mas optaram por concentrar quase a totalidade de suas iniciativas em um grupo espec\u00edfico. Atualmente, presenciamos uma onda de projetos voltados majoritariamente para pessoas no espectro autista e crian\u00e7as at\u00edpicas. \u00c9 crucial pontuar que essa popula\u00e7\u00e3o merece, sim, todo o respeito, investimento e cuidado prestados. A cr\u00edtica n\u00e3o reside no apoio concedido ao autismo, mas no abandono deliberado das demais defici\u00eancias. Quando o Estado cria espa\u00e7os e projetos exclusivos para um perfil e negligencia outros, ele n\u00e3o promove a inclus\u00e3o; ele institucionaliza uma nova forma de discrimina\u00e7\u00e3o.<\/p>\n<p>Essa postura muitas vezes escancara uma l\u00f3gica eleitoreira. O poder p\u00fablico passa a priorizar pautas de maior apelo popular ou visibilidade social, visando a margem de votos, em vez de cumprir o dever constitucional de garantir acessibilidade universal.<\/p>\n<p>A cidade de Franca, no interior de S\u00e3o Paulo, serve como um retrato claro dessa assimetria. O munic\u00edpio tem se destacado pela cria\u00e7\u00e3o de pol\u00edticas p\u00fablicas, centros de tratamento e espa\u00e7os de conviv\u00eancia especializados para autistas, o que representa um avan\u00e7o importante. Contudo, ao mesmo tempo em que comemora essas conquistas, a cidade deixa a desejar na aten\u00e7\u00e3o prestada \u00e0s pessoas com defici\u00eancia visual.<\/p>\n<p>A realidade vivida por deficientes visuais totais  e pessoas com baixa vis\u00e3o em Franca evidencia a falta de um olhar abrangente sobre a acessibilidade. Para que existisse uma inclus\u00e3o verdadeira na cidade, diversas medidas b\u00e1sicas poderiam ser implementadas. A instala\u00e7\u00e3o de sem\u00e1foros sonoros nos principais cruzamentos e vias de grande fluxo \u00e9 um exemplo fundamental de autonomia e seguran\u00e7a que ainda falta no dia a dia do munic\u00edpio. Da mesma forma, faltam pisos t\u00e1teis cont\u00ednuos e sem obst\u00e1culos nas cal\u00e7adas p\u00fablicas e no acesso aos servi\u00e7os essenciais.<\/p>\n<p>Outro ponto cr\u00edtico \u00e9 a aus\u00eancia de recursos adequados nas escolas municipais e reparti\u00e7\u00f5es p\u00fablicas, que carecem de materiais impressos em Braille, leitores de tela atualizados e servidores treinados para o atendimento prestado a esse p\u00fablico. Para al\u00e9m da infraestrutura, falta o principal: a participa\u00e7\u00e3o ativa de quem vive a defici\u00eancia visual no planejamento da cidade. Sem a presen\u00e7a dessas pessoas dentro da Prefeitura e nos conselhos municipais para nortear as decis\u00f5es, as a\u00e7\u00f5es continuam sendo paliativas ou inexistentes.<\/p>\n<p>N\u00e3o \u00e9 poss\u00edvel falar em cidade inclusiva quando uma parcela expressiva de seus cidad\u00e3os \u00e9 deixada para tr\u00e1s. A verdadeira acessibilidade n\u00e3o escolhe diagn\u00f3sticos nem divide prioridades por conveni\u00eancia pol\u00edtica. Franca e demais munic\u00edpios precisam entender que garantir direitos a um grupo n\u00e3o pode significar o apagamento de outro. A inclus\u00e3o s\u00f3 \u00e9 real quando serve a todos.<\/p>\n<p>*Guilherme Kalel \u00e9 Jornalista e Escritor.<br \/>\nPublisher da Amplinews e do Jornal RS Connect.<br \/>\nMTB: 89344 \/ SP.<\/p>\n","protected":false},"excerpt":{"rendered":"<p>Por Guilherme Kalel: Jornalista e Editor 27\/08\/2026 A discuss\u00e3o sobre a inclus\u00e3o de pessoas com defici\u00eancia na sociedade \u00e9 urgente e necess\u00e1ria. \u00c9 indiscut\u00edvel que todas as pessoas que vivem com algum tipo de limita\u00e7\u00e3o f\u00edsica, sensorial ou intelectual enfrentam barreiras di\u00e1rias e precisam de pol\u00edticas p\u00fablicas eficientes, que n\u00e3o apenas promovam a conscientiza\u00e7\u00e3o da [&hellip;]<\/p>\n","protected":false},"author":1,"featured_media":0,"comment_status":"closed","ping_status":"open","sticky":false,"template":"","format":"standard","meta":{"footnotes":""},"categories":[4],"tags":[],"class_list":["post-396","post","type-post","status-publish","format-standard","hentry","category-opiniao"],"_links":{"self":[{"href":"https:\/\/orconpress.com.br\/index.php?rest_route=\/wp\/v2\/posts\/396","targetHints":{"allow":["GET"]}}],"collection":[{"href":"https:\/\/orconpress.com.br\/index.php?rest_route=\/wp\/v2\/posts"}],"about":[{"href":"https:\/\/orconpress.com.br\/index.php?rest_route=\/wp\/v2\/types\/post"}],"author":[{"embeddable":true,"href":"https:\/\/orconpress.com.br\/index.php?rest_route=\/wp\/v2\/users\/1"}],"replies":[{"embeddable":true,"href":"https:\/\/orconpress.com.br\/index.php?rest_route=%2Fwp%2Fv2%2Fcomments&post=396"}],"version-history":[{"count":0,"href":"https:\/\/orconpress.com.br\/index.php?rest_route=\/wp\/v2\/posts\/396\/revisions"}],"wp:attachment":[{"href":"https:\/\/orconpress.com.br\/index.php?rest_route=%2Fwp%2Fv2%2Fmedia&parent=396"}],"wp:term":[{"taxonomy":"category","embeddable":true,"href":"https:\/\/orconpress.com.br\/index.php?rest_route=%2Fwp%2Fv2%2Fcategories&post=396"},{"taxonomy":"post_tag","embeddable":true,"href":"https:\/\/orconpress.com.br\/index.php?rest_route=%2Fwp%2Fv2%2Ftags&post=396"}],"curies":[{"name":"wp","href":"https:\/\/api.w.org\/{rel}","templated":true}]}}